
{"id":3004,"date":"2020-11-16T06:16:00","date_gmt":"2020-11-16T05:16:00","guid":{"rendered":"https:\/\/przedszkole90.edu.wroclaw.pl\/?p=3004"},"modified":"2020-11-30T06:19:29","modified_gmt":"2020-11-30T05:19:29","slug":"artykul-p-ady-marek","status":"publish","type":"post","link":"https:\/\/przedszkole90.edu.wroclaw.pl\/index.php\/2020\/11\/16\/artykul-p-ady-marek\/","title":{"rendered":"Artyku\u0142 p. Ady Marek"},"content":{"rendered":"\n<p><strong>Muzyka, jako mo\u017cliwo\u015b\u0107 terapeutycznego oddzia\u0142ywania na dziecko<\/strong><\/p>\n<p><br \/>&#8222;,,Muzyka, inspirowany ni\u0105 ruch oraz mowa rytmiczna i ekspresyjna<br \/>mieszcz\u0105 w sobie porz\u0105dek stanowi\u0105cy o ich swoistym pi\u0119knie<br \/>i w\u0142a\u015bciwo\u015bciach regulatywnych w odniesieniu do motoryki, psychiki<br \/>i zachowa\u0144 spo\u0142ecznych dzieci\u2019\u2019, tak w swojej ksi\u0105\u017cce pt. ,,Terapia dzieci<br \/>muzyk\u0105, ruchem i mow\u0105\u2019\u2019, J. Stadnicka, odnios\u0142a si\u0119 do warto\u015bci muzyki<br \/>w oddzia\u0142ywaniu na zachowanie cz\u0142owieka. Dotyczy to regularno\u015bci<br \/>w akcentach, tak zwanym metrum. Zwartym oraz uzale\u017cnionym od siebie<br \/>okresie istnienia d\u017awi\u0119k\u00f3w wyst\u0119puj\u0105cych jeden po drugim. ,,Jednostajnym,<br \/>kontrastuj\u0105co zmiennym lub stopniowo przyspieszanym albo zwalnianym<br \/>tempie muzyki, ruchu i mowy. Jednolitej, kontrastowo zmiennej lub stopniowo nasilanej albo wyciszanej dynamice, w artykulacji legato i staccato, czyli p\u0142ynnym lub oddzielanym nast\u0119pstwie d\u017awi\u0119k\u00f3w, sylab, ruch\u00f3w. Zbudowanej na zasadzie powt\u00f3rze\u0144, podobie\u0144stw lub kontrast\u00f3w formie, w regulowanych estetyk\u0105 nast\u0119pstwie d\u017awi\u0119k\u00f3w r\u00f3\u017cnej wysoko\u015bci nast\u0119puj\u0105cych w muzyce i mowie, czyli melodii. W urozmaiceniach brzmieniowych uzyskiwanych dzi\u0119ki w\u0142a\u015bciwo\u015bciom instrument\u00f3w muzycznych i gest\u00f3w akustycznych, czyli barwie. W harmonii b\u0119d\u0105cej efektem uzasadnionego estetycznie wsp\u00f3\u0142brzmienia d\u017awi\u0119k\u00f3w w muzyce, sylab w mowie i koordynacji ruch\u00f3w poszczeg\u00f3lnych cz\u0119\u015bci cia\u0142a jednego dziecka, wsp\u00f3\u0142zale\u017cno\u015bci ruchowej dzieci w parach i w grupie\u2019\u2019.<br \/>W powy\u017cszym wyr\u00f3\u017cnieniu poszczeg\u00f3lnych element\u00f3w, kt\u00f3re sk\u0142adaj\u0105<br \/>si\u0119 na wyra\u017cenie w spos\u00f3b w\u0142a\u015bciwy muzyki, mo\u017cemy m\u00f3wi\u0107 o jej<br \/>oddzia\u0142ywaniu terapeutycznym, w kt\u00f3rego sk\u0142ad wchodzi spos\u00f3b mowy oraz swoisty ruch. Wszelkie wy\u017cej wymienione sk\u0142adniki w pracy muzycznej s\u0105 w stanie pobudzi\u0107 reakcje dziecka. u niemal\u017ce wi\u0119kszo\u015bci os\u00f3b, nie bior\u0105c pod uwag\u0119 indywidualnego rozwoju inteligencji poprzez podkorze m\u00f3zgowe, wyst\u0119puj\u0105 takie reakcje jak ko\u0142ysanie si\u0119 w rytm muzyki, wyklaskiwanie rytm\u00f3w, czy te\u017c maszerowanie zgodne z melodi\u0105 muzyczn\u0105. Ruch razem z muzyk\u0105, kt\u00f3re oddzia\u0142uj\u0105 na zmys\u0142y, zachowanie, a tak\u017ce \u0142ad wewn\u0119trzny dziecka, mog\u0105 jednocze\u015bnie regulowa\u0107 moc oraz wszelakie emocje ludzkie.<br \/>Istotnym zadaniem muzyki jest zmniejszanie i minimalizowanie z\u0142ych emocji oraz strachu, a tym samym \u0142agodzenie wyst\u0119puj\u0105cego przy tym stresu, ci\u0119\u017ckiego i szybkiego oddechu, na skutek silnych nerw\u00f3w, pocenia, czy zmniejszanie b\u00f3lu, kt\u00f3ry, tak\u017ce mo\u017ce si\u0119 pojawi\u0107. Muzyka wp\u0142ywa bardzo pozytywnie swoim dzia\u0142aniem, r\u00f3wnie\u017c na dzieci, kt\u00f3re dozna\u0142y mocnych uszkodze\u0144 kory m\u00f3zgowej, dlatego, \u017ce jest ona odbierana ca\u0142ym m\u00f3zgiem, a nie tylko jego cz\u0119\u015bci\u0105. ,,Muzyka zaczyna si\u0119 tam, gdzie s\u0142owo jest bezsilne.<br \/>Muzyka jest stworzona dla niewyra\u017calnego\u2019\u2019. Oddzia\u0142ywanie muzyki ma<br \/>ogromny wp\u0142yw na emocjonalno\u015b\u0107 ludzi, a w tym przypadku dzieci.<br \/>Umuzykalnianie dzieci wspomaga w niwelowaniu wstydliwo\u015bci, strachu, jak r\u00f3wnie\u017c r\u00f3\u017cnego rodzaju bole\u015bci. Zaciekawienie dziecka, przyci\u0105ga do zaj\u0119\u0107 muzyczno-ruchowych. Mo\u017ce to odbywa\u0107 si\u0119 poprzez wykorzystanie<br \/>r\u00f3\u017cnorodnych kolorowych element\u00f3w. &#8221;<\/p>\n<p><br \/>Opracowa\u0142a:<br \/>Adrianna Marek<\/p>\n","protected":false},"excerpt":{"rendered":"<p>Muzyka, jako mo\u017cliwo\u015b\u0107 terapeutycznego oddzia\u0142ywania na dziecko &#8222;,,Muzyka, inspirowany ni\u0105 ruch oraz mowa rytmiczna i ekspresyjnamieszcz\u0105 w sobie porz\u0105dek stanowi\u0105cy o ich swoistym pi\u0119kniei w\u0142a\u015bciwo\u015bciach regulatywnych w odniesieniu do motoryki, [&hellip;]<\/p>\n","protected":false},"author":34,"featured_media":0,"comment_status":"closed","ping_status":"closed","sticky":false,"template":"","format":"standard","meta":{"footnotes":""},"categories":[3],"tags":[],"class_list":["post-3004","post","type-post","status-publish","format-standard","hentry","category-porady-w-pigulce","clearfix"],"_links":{"self":[{"href":"https:\/\/przedszkole90.edu.wroclaw.pl\/index.php\/wp-json\/wp\/v2\/posts\/3004","targetHints":{"allow":["GET"]}}],"collection":[{"href":"https:\/\/przedszkole90.edu.wroclaw.pl\/index.php\/wp-json\/wp\/v2\/posts"}],"about":[{"href":"https:\/\/przedszkole90.edu.wroclaw.pl\/index.php\/wp-json\/wp\/v2\/types\/post"}],"author":[{"embeddable":true,"href":"https:\/\/przedszkole90.edu.wroclaw.pl\/index.php\/wp-json\/wp\/v2\/users\/34"}],"replies":[{"embeddable":true,"href":"https:\/\/przedszkole90.edu.wroclaw.pl\/index.php\/wp-json\/wp\/v2\/comments?post=3004"}],"version-history":[{"count":1,"href":"https:\/\/przedszkole90.edu.wroclaw.pl\/index.php\/wp-json\/wp\/v2\/posts\/3004\/revisions"}],"predecessor-version":[{"id":3005,"href":"https:\/\/przedszkole90.edu.wroclaw.pl\/index.php\/wp-json\/wp\/v2\/posts\/3004\/revisions\/3005"}],"wp:attachment":[{"href":"https:\/\/przedszkole90.edu.wroclaw.pl\/index.php\/wp-json\/wp\/v2\/media?parent=3004"}],"wp:term":[{"taxonomy":"category","embeddable":true,"href":"https:\/\/przedszkole90.edu.wroclaw.pl\/index.php\/wp-json\/wp\/v2\/categories?post=3004"},{"taxonomy":"post_tag","embeddable":true,"href":"https:\/\/przedszkole90.edu.wroclaw.pl\/index.php\/wp-json\/wp\/v2\/tags?post=3004"}],"curies":[{"name":"wp","href":"https:\/\/api.w.org\/{rel}","templated":true}]}}